{"id":115363,"date":"2026-08-31T06:15:13","date_gmt":"2026-08-31T06:15:13","guid":{"rendered":"https:\/\/www.ute-erba.it\/?p=115363"},"modified":"2026-08-31T06:15:13","modified_gmt":"2026-08-31T06:15:13","slug":"carissimi-soci","status":"publish","type":"post","link":"https:\/\/www.ute-erba.it\/?p=115363","title":{"rendered":"Carissimi soci, &#8230;"},"content":{"rendered":"\n<p class=\"wp-block-paragraph\">Carissimi Soci<\/p>\n\n\n\n<p class=\"wp-block-paragraph\">Un caloroso saluto ed un grazie a tutti voi, che con il vostro entusiasmo e la vostra partecipazione contribuite a rendere la nostra UTE un luogo di crescita, cultura e confronto; grazie di cuore ai membri del Consiglio Direttivo per il loro impegno costante e prezioso, e grazie a tutti i docenti che ogni anno condividono con passione le loro conoscenze, rendendo possibile questa meravigliosa avventura culturale; ed \u00e8 con grande entusiasmo che vi presento il ricco programma di lezioni per il nuovo anno accademico 2026-2027. Il tema centrale di questa nuova stagione \u00e8 il Rinascimento, un\u2019epoca di straordinario fermento che ha rivoluzionato la storia dell\u2019umanit\u00e0, portando innovazione, arte, scienza e filosofia a livelli mai raggiunti prima. Esplorare il Rinascimento ci permette di riflettere sulle radici della nostra cultura e di comprendere come i valori e le scoperte di quel periodo abbiano influenzato il nostro presente. La sua importanza va oltre il passato, poich\u00e9 ci invita a riscoprire il desiderio di scoperta e di progresso, elementi fondamentali per affrontare le sfide di oggi. Il programma si arricchisce inoltre di lezioni dedicate a discipline altrettanto affascinanti e fondamentali come la filosofia, la medicina, la matematica, la fisica, l\u2019agraria, la psicologia, la storia, i servizi al cittadino, la letteratura, il teatro, e l\u2019arte. Queste lezioni offriranno un approfondimento multidisciplinare, stimolando la curiosit\u00e0 e il pensiero critico di tutti noi. Un\u2019attenzione particolare sar\u00e0 rivolta anche al tema dell\u2019intelligenza artificiale, un argomento di grande attualit\u00e0 ed importanza, che ci invita a riflettere sulle sue implicazioni etiche, sociali e culturali. Non mancheranno gli incontri con gli autori, proseguendo cos\u00ec l\u2019esperienza apprezzata nelle scorse stagioni. Inoltre, sono state incrementate le ore di lezioni di musica, con la partecipazione speciale dei giovani talenti della scuola Puecher, che sapranno incantarci con le loro esibizioni e contribuire a rendere il nostro percorso culturale ancora pi\u00f9 vivace e coinvolgente. Il nostro obiettivo \u00e8 arricchire culturalmente ciascuno di noi, creando un percorso vario, stimolante e pieno di novit\u00e0. L\u2019UTE continuer\u00e0 inoltre ad impegnarsi per i giovani studenti delle scuole erbesi, con l\u2019ormai tradizionale concorso letterario \u201cScrivi e racconta una storia\u201d, dedicato alla memoria della nostra Mariuccia Guarisco Pellegrini, figura amata e stimata da tutti noi.<\/p>\n\n\n\n<p class=\"wp-block-paragraph\">Desidero infine concludere questa presentazione con la convinzione che la nostra partecipazione all\u2019UTE e alle sue attivit\u00e0 rappresenta un prezioso investimento nel nostro benessere intellettuale e nella crescita personale, e nell\u2019augurarvi un anno ricco di soddisfazioni vi aspetto numerosi per condividere insieme questa impagabile esperienza.<\/p>\n\n\n\n<p class=\"wp-block-paragraph\">Umberto Filippi<\/p>\n\n\n\n<p class=\"wp-block-paragraph\"><\/p>\n","protected":false},"excerpt":{"rendered":"<p>Carissimi Soci Un caloroso saluto ed un grazie a tutti voi, che con il vostro entusiasmo e la vostra partecipazione contribuite a rendere la nostra UTE un luogo di crescita, cultura e confronto; grazie di cuore ai membri del Consiglio Direttivo per il loro impegno costante e prezioso, e grazie a tutti i docenti che &hellip; <\/p>\n<p class=\"link-more\"><a href=\"https:\/\/www.ute-erba.it\/?p=115363\" class=\"more-link\">Leggi tutto<span class=\"screen-reader-text\"> &#8220;Carissimi soci, &#8230;&#8221;<\/span><\/a><\/p>\n","protected":false},"author":1,"featured_media":0,"comment_status":"closed","ping_status":"","sticky":false,"template":"","format":"standard","meta":{"footnotes":""},"categories":[20,6,18],"tags":[],"class_list":["post-115363","post","type-post","status-publish","format-standard","hentry","category-attivita","category-avvisi","category-dal-presidente"],"_links":{"self":[{"href":"https:\/\/www.ute-erba.it\/index.php?rest_route=\/wp\/v2\/posts\/115363","targetHints":{"allow":["GET"]}}],"collection":[{"href":"https:\/\/www.ute-erba.it\/index.php?rest_route=\/wp\/v2\/posts"}],"about":[{"href":"https:\/\/www.ute-erba.it\/index.php?rest_route=\/wp\/v2\/types\/post"}],"author":[{"embeddable":true,"href":"https:\/\/www.ute-erba.it\/index.php?rest_route=\/wp\/v2\/users\/1"}],"replies":[{"embeddable":true,"href":"https:\/\/www.ute-erba.it\/index.php?rest_route=%2Fwp%2Fv2%2Fcomments&post=115363"}],"version-history":[{"count":1,"href":"https:\/\/www.ute-erba.it\/index.php?rest_route=\/wp\/v2\/posts\/115363\/revisions"}],"predecessor-version":[{"id":115364,"href":"https:\/\/www.ute-erba.it\/index.php?rest_route=\/wp\/v2\/posts\/115363\/revisions\/115364"}],"wp:attachment":[{"href":"https:\/\/www.ute-erba.it\/index.php?rest_route=%2Fwp%2Fv2%2Fmedia&parent=115363"}],"wp:term":[{"taxonomy":"category","embeddable":true,"href":"https:\/\/www.ute-erba.it\/index.php?rest_route=%2Fwp%2Fv2%2Fcategories&post=115363"},{"taxonomy":"post_tag","embeddable":true,"href":"https:\/\/www.ute-erba.it\/index.php?rest_route=%2Fwp%2Fv2%2Ftags&post=115363"}],"curies":[{"name":"wp","href":"https:\/\/api.w.org\/{rel}","templated":true}]}}